{"id":2071,"date":"2011-08-22T20:26:51","date_gmt":"2011-08-22T18:26:51","guid":{"rendered":"http:\/\/hans-ueli-vogt.ch\/politik\/?p=2071"},"modified":"2015-05-21T20:28:38","modified_gmt":"2015-05-21T18:28:38","slug":"votum-gegen-die-teilungueltigkeitserklaerung-des-gegenvorschlags-von-stimmberechtigten-zum-kantonalen-buergerrechtsgesetz","status":"publish","type":"post","link":"https:\/\/hansuelivogt.ch\/politik\/votum-gegen-die-teilungueltigkeitserklaerung-des-gegenvorschlags-von-stimmberechtigten-zum-kantonalen-buergerrechtsgesetz\/","title":{"rendered":"Votum: Gegen die Teilung\u00fcltigkeitserkl\u00e4rung des Gegenvorschlags von Stimmberechtigten zum kantonalen B\u00fcrgerrechtsgesetz"},"content":{"rendered":"<p>Auszug aus dem Protokoll des Kantonsrates: <a href=\"http:\/\/hans-ueli-vogt.ch\/politik\/wp-content\/uploads\/sites\/2\/2015\/05\/2011_08_22_Votum_KR_Hans-Ueli_Vogt.pdf\">Download PDF<\/a><\/p>\n","protected":false},"excerpt":{"rendered":"<p>Auszug aus dem Protokoll des Kantonsrates<\/p>\n","protected":false},"author":2,"featured_media":0,"comment_status":"open","ping_status":"open","sticky":false,"template":"","format":"standard","meta":{"_lightning_design_setting":[],"footnotes":""},"categories":[19],"tags":[],"class_list":["post-2071","post","type-post","status-publish","format-standard","hentry","category-kantonsrat"],"_links":{"self":[{"href":"https:\/\/hansuelivogt.ch\/politik\/wp-json\/wp\/v2\/posts\/2071","targetHints":{"allow":["GET"]}}],"collection":[{"href":"https:\/\/hansuelivogt.ch\/politik\/wp-json\/wp\/v2\/posts"}],"about":[{"href":"https:\/\/hansuelivogt.ch\/politik\/wp-json\/wp\/v2\/types\/post"}],"author":[{"embeddable":true,"href":"https:\/\/hansuelivogt.ch\/politik\/wp-json\/wp\/v2\/users\/2"}],"replies":[{"embeddable":true,"href":"https:\/\/hansuelivogt.ch\/politik\/wp-json\/wp\/v2\/comments?post=2071"}],"version-history":[{"count":1,"href":"https:\/\/hansuelivogt.ch\/politik\/wp-json\/wp\/v2\/posts\/2071\/revisions"}],"predecessor-version":[{"id":2073,"href":"https:\/\/hansuelivogt.ch\/politik\/wp-json\/wp\/v2\/posts\/2071\/revisions\/2073"}],"wp:attachment":[{"href":"https:\/\/hansuelivogt.ch\/politik\/wp-json\/wp\/v2\/media?parent=2071"}],"wp:term":[{"taxonomy":"category","embeddable":true,"href":"https:\/\/hansuelivogt.ch\/politik\/wp-json\/wp\/v2\/categories?post=2071"},{"taxonomy":"post_tag","embeddable":true,"href":"https:\/\/hansuelivogt.ch\/politik\/wp-json\/wp\/v2\/tags?post=2071"}],"curies":[{"name":"wp","href":"https:\/\/api.w.org\/{rel}","templated":true}]}}