{"id":2091,"date":"2015-04-30T20:59:45","date_gmt":"2015-04-30T18:59:45","guid":{"rendered":"http:\/\/hans-ueli-vogt.ch\/politik\/?p=2091"},"modified":"2015-05-21T21:03:36","modified_gmt":"2015-05-21T19:03:36","slug":"voller-einsatz-fuer-unser-land","status":"publish","type":"post","link":"https:\/\/hansuelivogt.ch\/politik\/voller-einsatz-fuer-unser-land\/","title":{"rendered":"Voller Einsatz f\u00fcr unser Land!"},"content":{"rendered":"<div>in: Der Z\u00fcrcher Bote vom 30. April 2015<\/div>\n<div><\/div>\n<div>Die SVP des Kantons Z\u00fcrich hat an vergangenen Dienstag den 45-j\u00e4hrigen Z\u00fcrcher Kantonsrat Hans-Ueli Vogt zum St\u00e4nderatskandidaten gek\u00fcrt (weiterer Bericht Seite 4). Im Folgenden drucken wir die wichtigsten Ausz\u00fcge aus seiner Nominationsrede ab.<\/div>\n<div><\/div>\n<div><a href=\"http:\/\/hans-ueli-vogt.ch\/politik\/wp-content\/uploads\/sites\/2\/2015\/05\/Z\u00fcrcher_Bote_30042015.pdf\">Download PDF<\/a><\/div>\n","protected":false},"excerpt":{"rendered":"<p>Die SVP des Kantons Z\u00fcrich hat an vergangenen Dienstag den 45-j\u00e4hrigen Z\u00fcrcher Kantonsrat Hans-Ueli Vogt zum St\u00e4nderatskandidaten gek\u00fcrt (weiterer Bericht Seite 4). Im Folgenden drucken wir die wichtigsten Ausz\u00fcge aus seiner Nominationsrede ab.<\/p>\n","protected":false},"author":2,"featured_media":0,"comment_status":"open","ping_status":"open","sticky":false,"template":"","format":"standard","meta":{"_lightning_design_setting":[],"footnotes":""},"categories":[21],"tags":[],"class_list":["post-2091","post","type-post","status-publish","format-standard","hentry","category-staenderatswahlen"],"_links":{"self":[{"href":"https:\/\/hansuelivogt.ch\/politik\/wp-json\/wp\/v2\/posts\/2091","targetHints":{"allow":["GET"]}}],"collection":[{"href":"https:\/\/hansuelivogt.ch\/politik\/wp-json\/wp\/v2\/posts"}],"about":[{"href":"https:\/\/hansuelivogt.ch\/politik\/wp-json\/wp\/v2\/types\/post"}],"author":[{"embeddable":true,"href":"https:\/\/hansuelivogt.ch\/politik\/wp-json\/wp\/v2\/users\/2"}],"replies":[{"embeddable":true,"href":"https:\/\/hansuelivogt.ch\/politik\/wp-json\/wp\/v2\/comments?post=2091"}],"version-history":[{"count":1,"href":"https:\/\/hansuelivogt.ch\/politik\/wp-json\/wp\/v2\/posts\/2091\/revisions"}],"predecessor-version":[{"id":2093,"href":"https:\/\/hansuelivogt.ch\/politik\/wp-json\/wp\/v2\/posts\/2091\/revisions\/2093"}],"wp:attachment":[{"href":"https:\/\/hansuelivogt.ch\/politik\/wp-json\/wp\/v2\/media?parent=2091"}],"wp:term":[{"taxonomy":"category","embeddable":true,"href":"https:\/\/hansuelivogt.ch\/politik\/wp-json\/wp\/v2\/categories?post=2091"},{"taxonomy":"post_tag","embeddable":true,"href":"https:\/\/hansuelivogt.ch\/politik\/wp-json\/wp\/v2\/tags?post=2091"}],"curies":[{"name":"wp","href":"https:\/\/api.w.org\/{rel}","templated":true}]}}