{"id":2094,"date":"2015-02-13T21:03:48","date_gmt":"2015-02-13T20:03:48","guid":{"rendered":"http:\/\/hans-ueli-vogt.ch\/politik\/?p=2094"},"modified":"2015-05-21T21:11:17","modified_gmt":"2015-05-21T19:11:17","slug":"svp-schlaegt-hans-ueli-vogt-als-staenderatskandidaten-vor","status":"publish","type":"post","link":"https:\/\/hansuelivogt.ch\/politik\/svp-schlaegt-hans-ueli-vogt-als-staenderatskandidaten-vor\/","title":{"rendered":"SVP schl\u00e4gt Hans-Ueli Vogt als St\u00e4nderatskandidaten vor"},"content":{"rendered":"<p>in: Der Z\u00fcrcher Bote vom 13. Februar 2015<\/p>\n<div>Die Parteileitung der SVP des Kantons Z\u00fcrich schl\u00e4gt dem Parteivorstand und der Delegiertenversammlung Kantonsrat Hans-Ueli Vogt, Professor f\u00fcr Wirtschaftsrecht an der Universit\u00e4t Z\u00fcrich, als Kandidaten f\u00fcr die St\u00e4nderatswahlen vom 18. Oktober 2015 vor. Sie ist \u00fcberzeugt, mit dem 45-j\u00e4hrigen Kantonsrat und Rechtsprofessor eine \u00fcberaus bef\u00e4higte, einsatzfreudige und konziliante Pers\u00f6nlichkeit zu nominieren. Hans-Ueli Vogt wird sich dank seinen fundierten Kenntnissen und seiner Verankerung im Wirtschafts-, Wissenschafts- und Werkplatz Z\u00fcrich im Falle seiner Wahl als ein der Bedeutung seines Kantons entsprechender, gewichtiger und einflussreicher Standesvertreter erweisen.<\/div>\n<div><\/div>\n<div><a href=\"http:\/\/hans-ueli-vogt.ch\/politik\/wp-content\/uploads\/sites\/2\/2015\/05\/Z\u00fcrcherBote_13022015.pdf\">Download PDF<\/a><\/div>\n","protected":false},"excerpt":{"rendered":"<p>Die Parteileitung der SVP des Kantons Z\u00fcrich schl\u00e4gt dem Parteivorstand und der Delegiertenversammlung Kantonsrat Hans-Ueli Vogt, Professor f\u00fcr Wirtschaftsrecht an der Universit\u00e4t Z\u00fcrich, als Kandidaten f\u00fcr die St\u00e4nderatswahlen vom 18. Oktober 2015 vor. Sie ist \u00fcberzeugt, mit dem 45-j\u00e4hrigen Kantonsrat und Rechtsprofessor eine \u00fcberaus bef\u00e4higte, einsatzfreudige und konziliante Pers\u00f6nlichkeit zu nominieren. Hans-Ueli Vogt wird sich dank seinen fundierten Kenntnissen und seiner Verankerung im Wirtschafts-, Wissenschafts- und Werkplatz Z\u00fcrich im Falle seiner Wahl als ein der Bedeutung seines Kantons entsprechender, gewichtiger und einflussreicher Standesvertreter erweisen.<\/p>\n","protected":false},"author":2,"featured_media":0,"comment_status":"open","ping_status":"open","sticky":false,"template":"","format":"standard","meta":{"_lightning_design_setting":[],"footnotes":""},"categories":[21],"tags":[],"class_list":["post-2094","post","type-post","status-publish","format-standard","hentry","category-staenderatswahlen"],"_links":{"self":[{"href":"https:\/\/hansuelivogt.ch\/politik\/wp-json\/wp\/v2\/posts\/2094","targetHints":{"allow":["GET"]}}],"collection":[{"href":"https:\/\/hansuelivogt.ch\/politik\/wp-json\/wp\/v2\/posts"}],"about":[{"href":"https:\/\/hansuelivogt.ch\/politik\/wp-json\/wp\/v2\/types\/post"}],"author":[{"embeddable":true,"href":"https:\/\/hansuelivogt.ch\/politik\/wp-json\/wp\/v2\/users\/2"}],"replies":[{"embeddable":true,"href":"https:\/\/hansuelivogt.ch\/politik\/wp-json\/wp\/v2\/comments?post=2094"}],"version-history":[{"count":1,"href":"https:\/\/hansuelivogt.ch\/politik\/wp-json\/wp\/v2\/posts\/2094\/revisions"}],"predecessor-version":[{"id":2096,"href":"https:\/\/hansuelivogt.ch\/politik\/wp-json\/wp\/v2\/posts\/2094\/revisions\/2096"}],"wp:attachment":[{"href":"https:\/\/hansuelivogt.ch\/politik\/wp-json\/wp\/v2\/media?parent=2094"}],"wp:term":[{"taxonomy":"category","embeddable":true,"href":"https:\/\/hansuelivogt.ch\/politik\/wp-json\/wp\/v2\/categories?post=2094"},{"taxonomy":"post_tag","embeddable":true,"href":"https:\/\/hansuelivogt.ch\/politik\/wp-json\/wp\/v2\/tags?post=2094"}],"curies":[{"name":"wp","href":"https:\/\/api.w.org\/{rel}","templated":true}]}}