{"id":2154,"date":"2015-04-22T20:07:14","date_gmt":"2015-04-22T18:07:14","guid":{"rendered":"http:\/\/hans-ueli-vogt.ch\/politik\/?p=2154"},"modified":"2015-06-16T07:43:41","modified_gmt":"2015-06-16T05:43:41","slug":"der-scheue-radikale","status":"publish","type":"post","link":"https:\/\/hansuelivogt.ch\/politik\/der-scheue-radikale\/","title":{"rendered":"Tages-Anzeiger: &#8222;Der scheue Radikale&#8220;"},"content":{"rendered":"<div>in: Tages-Anzeiger vom Mittwoch, 22. April 2015<\/div>\n<div><\/div>\n<div>Einzelg\u00e4nger, SVP-Reizfigur, \u00abbrillanter Jurist\u00bb \u2013 Hans-Ueli Vogt stellt sich mit seiner V\u00f6lkerrechtsinitiative gegen seine Professorenkollegen und fast alle Parteien. Warum tut er das? Ein Portr\u00e4t von Mario St\u00e4uble<\/div>\n<div><\/div>\n<div><a href=\"http:\/\/hans-ueli-vogt.ch\/politik\/wp-content\/uploads\/sites\/2\/2015\/05\/Hans-Ueli-Vogt.pdf\">Artikel als PDF<\/a><\/div>\n","protected":false},"excerpt":{"rendered":"<p>Einzelg\u00e4nger, SVP-Reizfigur, \u00abbrillanter Jurist\u00bb \u2013 Hans-Ueli Vogt stellt sich mit seiner V\u00f6lkerrechtsinitiative gegen seine Professorenkollegen und fast alle Parteien. Warum tut er das? Ein Portr\u00e4t von Mario St\u00e4uble<\/p>\n","protected":false},"author":2,"featured_media":0,"comment_status":"open","ping_status":"open","sticky":false,"template":"","format":"standard","meta":{"_lightning_design_setting":[],"footnotes":""},"categories":[24,18],"tags":[],"class_list":["post-2154","post","type-post","status-publish","format-standard","hentry","category-medien","category-portrait"],"_links":{"self":[{"href":"https:\/\/hansuelivogt.ch\/politik\/wp-json\/wp\/v2\/posts\/2154","targetHints":{"allow":["GET"]}}],"collection":[{"href":"https:\/\/hansuelivogt.ch\/politik\/wp-json\/wp\/v2\/posts"}],"about":[{"href":"https:\/\/hansuelivogt.ch\/politik\/wp-json\/wp\/v2\/types\/post"}],"author":[{"embeddable":true,"href":"https:\/\/hansuelivogt.ch\/politik\/wp-json\/wp\/v2\/users\/2"}],"replies":[{"embeddable":true,"href":"https:\/\/hansuelivogt.ch\/politik\/wp-json\/wp\/v2\/comments?post=2154"}],"version-history":[{"count":2,"href":"https:\/\/hansuelivogt.ch\/politik\/wp-json\/wp\/v2\/posts\/2154\/revisions"}],"predecessor-version":[{"id":2456,"href":"https:\/\/hansuelivogt.ch\/politik\/wp-json\/wp\/v2\/posts\/2154\/revisions\/2456"}],"wp:attachment":[{"href":"https:\/\/hansuelivogt.ch\/politik\/wp-json\/wp\/v2\/media?parent=2154"}],"wp:term":[{"taxonomy":"category","embeddable":true,"href":"https:\/\/hansuelivogt.ch\/politik\/wp-json\/wp\/v2\/categories?post=2154"},{"taxonomy":"post_tag","embeddable":true,"href":"https:\/\/hansuelivogt.ch\/politik\/wp-json\/wp\/v2\/tags?post=2154"}],"curies":[{"name":"wp","href":"https:\/\/api.w.org\/{rel}","templated":true}]}}