{"id":2566,"date":"2015-06-19T15:01:44","date_gmt":"2015-06-19T13:01:44","guid":{"rendered":"http:\/\/hansuelivogt.ch\/politik\/?p=2566"},"modified":"2015-06-30T15:05:12","modified_gmt":"2015-06-30T13:05:12","slug":"zuercher-bauer-streitgespraech-am-puure-hoeck-zwei-personen-zwei-ansichten","status":"publish","type":"post","link":"https:\/\/hansuelivogt.ch\/politik\/zuercher-bauer-streitgespraech-am-puure-hoeck-zwei-personen-zwei-ansichten\/","title":{"rendered":"Z\u00fcrcher Bauer: Streitgespr\u00e4ch am Puure-H\u00f6ck: Zwei Personen, zwei Ansichten"},"content":{"rendered":"<p>Ferdi Hotel begr\u00fcsst alle G\u00e4ste herzlich zum Streitgespr\u00e4ch. Der Pure-H\u00f6ck auf dem Mattenhof bot den St\u00e4nderatskandidaten Hans-Ueli Vogt (SVP) und Bastien Giros (Gr\u00fcne) eine interessante Plattform, um die b\u00e4uerlichen W\u00e4hlerinnen und W\u00e4hler zu \u00fcberzeugen.<\/p>\n<p><img loading=\"lazy\" decoding=\"async\" class=\"alignnone wp-image-2568 size-full\" src=\"https:\/\/hansuelivogt.ch\/politik\/wp-content\/uploads\/sites\/2\/2015\/06\/150625_puure-hoeck.jpg\" alt=\"150625_puure-hoeck\" width=\"720\" height=\"798\" srcset=\"https:\/\/hansuelivogt.ch\/politik\/wp-content\/uploads\/sites\/2\/2015\/06\/150625_puure-hoeck.jpg 720w, https:\/\/hansuelivogt.ch\/politik\/wp-content\/uploads\/sites\/2\/2015\/06\/150625_puure-hoeck-271x300.jpg 271w\" sizes=\"auto, (max-width: 720px) 100vw, 720px\" \/><img loading=\"lazy\" decoding=\"async\" class=\"alignnone wp-image-2567 size-full\" src=\"https:\/\/hansuelivogt.ch\/politik\/wp-content\/uploads\/sites\/2\/2015\/06\/150625_puure-hoeck-02.jpg\" alt=\"150625_puure-hoeck-02\" width=\"720\" height=\"663\" srcset=\"https:\/\/hansuelivogt.ch\/politik\/wp-content\/uploads\/sites\/2\/2015\/06\/150625_puure-hoeck-02.jpg 720w, https:\/\/hansuelivogt.ch\/politik\/wp-content\/uploads\/sites\/2\/2015\/06\/150625_puure-hoeck-02-300x276.jpg 300w\" sizes=\"auto, (max-width: 720px) 100vw, 720px\" \/><\/p>\n","protected":false},"excerpt":{"rendered":"<p>Ferdi Hotel begr\u00fcsst alle G\u00e4ste herzlich zum Streitgespr\u00e4ch. Der Pure-H\u00f6ck auf dem Mattenhof bot den St\u00e4nderatskandidaten Hans-Ueli Vogt (SVP) und Bastien Giros (Gr\u00fcne) eine interessante Plattform, um die b\u00e4uerlichen W\u00e4hlerinnen und W\u00e4hler zu \u00fcberzeugen.<\/p>\n","protected":false},"author":1,"featured_media":0,"comment_status":"open","ping_status":"open","sticky":false,"template":"","format":"standard","meta":{"_lightning_design_setting":[],"footnotes":""},"categories":[24,23],"tags":[],"class_list":["post-2566","post","type-post","status-publish","format-standard","hentry","category-medien","category-veranstaltungen"],"_links":{"self":[{"href":"https:\/\/hansuelivogt.ch\/politik\/wp-json\/wp\/v2\/posts\/2566","targetHints":{"allow":["GET"]}}],"collection":[{"href":"https:\/\/hansuelivogt.ch\/politik\/wp-json\/wp\/v2\/posts"}],"about":[{"href":"https:\/\/hansuelivogt.ch\/politik\/wp-json\/wp\/v2\/types\/post"}],"author":[{"embeddable":true,"href":"https:\/\/hansuelivogt.ch\/politik\/wp-json\/wp\/v2\/users\/1"}],"replies":[{"embeddable":true,"href":"https:\/\/hansuelivogt.ch\/politik\/wp-json\/wp\/v2\/comments?post=2566"}],"version-history":[{"count":1,"href":"https:\/\/hansuelivogt.ch\/politik\/wp-json\/wp\/v2\/posts\/2566\/revisions"}],"predecessor-version":[{"id":2569,"href":"https:\/\/hansuelivogt.ch\/politik\/wp-json\/wp\/v2\/posts\/2566\/revisions\/2569"}],"wp:attachment":[{"href":"https:\/\/hansuelivogt.ch\/politik\/wp-json\/wp\/v2\/media?parent=2566"}],"wp:term":[{"taxonomy":"category","embeddable":true,"href":"https:\/\/hansuelivogt.ch\/politik\/wp-json\/wp\/v2\/categories?post=2566"},{"taxonomy":"post_tag","embeddable":true,"href":"https:\/\/hansuelivogt.ch\/politik\/wp-json\/wp\/v2\/tags?post=2566"}],"curies":[{"name":"wp","href":"https:\/\/api.w.org\/{rel}","templated":true}]}}