{"id":2760,"date":"2015-07-30T08:46:37","date_gmt":"2015-07-30T06:46:37","guid":{"rendered":"http:\/\/hansuelivogt.ch\/politik\/?p=2760"},"modified":"2015-08-11T08:48:50","modified_gmt":"2015-08-11T06:48:50","slug":"tagesanzeiger-und-taeglich-gruesst-hans-ueli-vogt","status":"publish","type":"post","link":"https:\/\/hansuelivogt.ch\/politik\/tagesanzeiger-und-taeglich-gruesst-hans-ueli-vogt\/","title":{"rendered":"TagesAnzeiger: Und t\u00e4glich gr\u00fcsst Hans-Ueli Vogt"},"content":{"rendered":"<p><em>Artikel im TagesAnzeiger vom 30. Juli<\/em><\/p>\n<p><em>SVP-St\u00e4nderatskandidat\u00a0Hans-Ueli Vogt \u00fcberzieht den\u00a0Kanton Z\u00fcrich mit Werbung\u00a0wie kein anderer. Wie viel das\u00a0kostet, h\u00e4lt die SVP geheim.<\/em><\/p>\n<p><img loading=\"lazy\" decoding=\"async\" class=\"alignnone size-full wp-image-2761\" src=\"https:\/\/hansuelivogt.ch\/politik\/wp-content\/uploads\/sites\/2\/2015\/08\/tagi-huv.jpg\" alt=\"tagi-huv\" width=\"699\" height=\"684\" srcset=\"https:\/\/hansuelivogt.ch\/politik\/wp-content\/uploads\/sites\/2\/2015\/08\/tagi-huv.jpg 699w, https:\/\/hansuelivogt.ch\/politik\/wp-content\/uploads\/sites\/2\/2015\/08\/tagi-huv-300x294.jpg 300w\" sizes=\"auto, (max-width: 699px) 100vw, 699px\" \/><\/p>\n","protected":false},"excerpt":{"rendered":"<p>SVP-St\u00e4nderatskandidat Hans-Ueli Vogt \u00fcberzieht den Kanton Z\u00fcrich mit Werbung wie kein anderer. Wie viel das kostet, h\u00e4lt die SVP geheim.<\/p>\n","protected":false},"author":1,"featured_media":0,"comment_status":"open","ping_status":"open","sticky":false,"template":"","format":"standard","meta":{"_lightning_design_setting":[],"footnotes":""},"categories":[24,21],"tags":[],"class_list":["post-2760","post","type-post","status-publish","format-standard","hentry","category-medien","category-staenderatswahlen"],"_links":{"self":[{"href":"https:\/\/hansuelivogt.ch\/politik\/wp-json\/wp\/v2\/posts\/2760","targetHints":{"allow":["GET"]}}],"collection":[{"href":"https:\/\/hansuelivogt.ch\/politik\/wp-json\/wp\/v2\/posts"}],"about":[{"href":"https:\/\/hansuelivogt.ch\/politik\/wp-json\/wp\/v2\/types\/post"}],"author":[{"embeddable":true,"href":"https:\/\/hansuelivogt.ch\/politik\/wp-json\/wp\/v2\/users\/1"}],"replies":[{"embeddable":true,"href":"https:\/\/hansuelivogt.ch\/politik\/wp-json\/wp\/v2\/comments?post=2760"}],"version-history":[{"count":1,"href":"https:\/\/hansuelivogt.ch\/politik\/wp-json\/wp\/v2\/posts\/2760\/revisions"}],"predecessor-version":[{"id":2762,"href":"https:\/\/hansuelivogt.ch\/politik\/wp-json\/wp\/v2\/posts\/2760\/revisions\/2762"}],"wp:attachment":[{"href":"https:\/\/hansuelivogt.ch\/politik\/wp-json\/wp\/v2\/media?parent=2760"}],"wp:term":[{"taxonomy":"category","embeddable":true,"href":"https:\/\/hansuelivogt.ch\/politik\/wp-json\/wp\/v2\/categories?post=2760"},{"taxonomy":"post_tag","embeddable":true,"href":"https:\/\/hansuelivogt.ch\/politik\/wp-json\/wp\/v2\/tags?post=2760"}],"curies":[{"name":"wp","href":"https:\/\/api.w.org\/{rel}","templated":true}]}}