{"id":2874,"date":"2015-08-20T18:27:44","date_gmt":"2015-08-20T16:27:44","guid":{"rendered":"http:\/\/hansuelivogt.ch\/politik\/?p=2874"},"modified":"2015-08-31T18:29:25","modified_gmt":"2015-08-31T16:29:25","slug":"zuercher-unterlaenger-vogt-will-jede-zehnte-staatsstelle-abbauen","status":"publish","type":"post","link":"https:\/\/hansuelivogt.ch\/politik\/zuercher-unterlaenger-vogt-will-jede-zehnte-staatsstelle-abbauen\/","title":{"rendered":"Z\u00fcrcher Unterl\u00e4nger: Vogt will jede zehnte Staatsstelle abbauen"},"content":{"rendered":"<p><strong>SVP-St\u00e4nderatskandidat Hans-Ueli Vogt positioniert sich in der Wirtchaftspolitik: Der Staat regle und kontrolliere zu viel &#8211; und besch\u00e4ftige zu viel Personal.<\/strong><\/p>\n<p><img loading=\"lazy\" decoding=\"async\" class=\"alignnone size-full wp-image-2875\" src=\"https:\/\/hansuelivogt.ch\/politik\/wp-content\/uploads\/sites\/2\/2015\/08\/2015-08-20-zuercher-unterlaender-mk-wirtschaft.jpg\" alt=\"2015-08-20-zuercher-unterlaender-mk-wirtschaft\" width=\"708\" height=\"765\" srcset=\"https:\/\/hansuelivogt.ch\/politik\/wp-content\/uploads\/sites\/2\/2015\/08\/2015-08-20-zuercher-unterlaender-mk-wirtschaft.jpg 708w, https:\/\/hansuelivogt.ch\/politik\/wp-content\/uploads\/sites\/2\/2015\/08\/2015-08-20-zuercher-unterlaender-mk-wirtschaft-278x300.jpg 278w\" sizes=\"auto, (max-width: 708px) 100vw, 708px\" \/><\/p>\n","protected":false},"excerpt":{"rendered":"<p>SVP-St\u00e4nderatskandidat Hans-Ueli Vogt positioniert sich in der Wirtchaftspolitik: Der Staat regle und kontrolliere zu viel &#8211; und besch\u00e4ftige zu viel Personal.<\/p>\n","protected":false},"author":1,"featured_media":0,"comment_status":"open","ping_status":"open","sticky":false,"template":"","format":"standard","meta":{"_lightning_design_setting":[],"footnotes":""},"categories":[24],"tags":[],"class_list":["post-2874","post","type-post","status-publish","format-standard","hentry","category-medien"],"_links":{"self":[{"href":"https:\/\/hansuelivogt.ch\/politik\/wp-json\/wp\/v2\/posts\/2874","targetHints":{"allow":["GET"]}}],"collection":[{"href":"https:\/\/hansuelivogt.ch\/politik\/wp-json\/wp\/v2\/posts"}],"about":[{"href":"https:\/\/hansuelivogt.ch\/politik\/wp-json\/wp\/v2\/types\/post"}],"author":[{"embeddable":true,"href":"https:\/\/hansuelivogt.ch\/politik\/wp-json\/wp\/v2\/users\/1"}],"replies":[{"embeddable":true,"href":"https:\/\/hansuelivogt.ch\/politik\/wp-json\/wp\/v2\/comments?post=2874"}],"version-history":[{"count":1,"href":"https:\/\/hansuelivogt.ch\/politik\/wp-json\/wp\/v2\/posts\/2874\/revisions"}],"predecessor-version":[{"id":2876,"href":"https:\/\/hansuelivogt.ch\/politik\/wp-json\/wp\/v2\/posts\/2874\/revisions\/2876"}],"wp:attachment":[{"href":"https:\/\/hansuelivogt.ch\/politik\/wp-json\/wp\/v2\/media?parent=2874"}],"wp:term":[{"taxonomy":"category","embeddable":true,"href":"https:\/\/hansuelivogt.ch\/politik\/wp-json\/wp\/v2\/categories?post=2874"},{"taxonomy":"post_tag","embeddable":true,"href":"https:\/\/hansuelivogt.ch\/politik\/wp-json\/wp\/v2\/tags?post=2874"}],"curies":[{"name":"wp","href":"https:\/\/api.w.org\/{rel}","templated":true}]}}