{"id":3153,"date":"2015-09-18T13:22:47","date_gmt":"2015-09-18T11:22:47","guid":{"rendered":"http:\/\/hansuelivogt.ch\/politik\/?p=3153"},"modified":"2015-09-23T15:57:23","modified_gmt":"2015-09-23T13:57:23","slug":"politstamm-svp-staenderats-kandidat-vogt-in-ruemlang","status":"publish","type":"post","link":"https:\/\/hansuelivogt.ch\/politik\/politstamm-svp-staenderats-kandidat-vogt-in-ruemlang\/","title":{"rendered":"Politstamm: SVP-St\u00e4nderats-Kandidat Vogt in R\u00fcmlang"},"content":{"rendered":"\n\t\t<style>\n\t\t\t#gallery-1 {\n\t\t\t\tmargin: auto;\n\t\t\t}\n\t\t\t#gallery-1 .gallery-item {\n\t\t\t\tfloat: left;\n\t\t\t\tmargin-top: 10px;\n\t\t\t\ttext-align: center;\n\t\t\t\twidth: 33%;\n\t\t\t}\n\t\t\t#gallery-1 img {\n\t\t\t\tborder: 2px solid #cfcfcf;\n\t\t\t}\n\t\t\t#gallery-1 .gallery-caption {\n\t\t\t\tmargin-left: 0;\n\t\t\t}\n\t\t\t\/* see gallery_shortcode() in wp-includes\/media.php *\/\n\t\t<\/style>\n\t\t<div id='gallery-1' class='gallery galleryid-3153 gallery-columns-3 gallery-size-medium'><dl class='gallery-item'>\n\t\t\t<dt class='gallery-icon landscape'>\n\t\t\t\t<a href='https:\/\/hansuelivogt.ch\/politik\/wp-content\/uploads\/sites\/2\/2015\/09\/image1.jpg'><img loading=\"lazy\" decoding=\"async\" width=\"300\" height=\"225\" src=\"https:\/\/hansuelivogt.ch\/politik\/wp-content\/uploads\/sites\/2\/2015\/09\/image1-300x225.jpg\" class=\"attachment-medium size-medium\" alt=\"\" srcset=\"https:\/\/hansuelivogt.ch\/politik\/wp-content\/uploads\/sites\/2\/2015\/09\/image1-300x225.jpg 300w, https:\/\/hansuelivogt.ch\/politik\/wp-content\/uploads\/sites\/2\/2015\/09\/image1-1024x768.jpg 1024w, https:\/\/hansuelivogt.ch\/politik\/wp-content\/uploads\/sites\/2\/2015\/09\/image1.jpg 1280w\" sizes=\"auto, (max-width: 300px) 100vw, 300px\" \/><\/a>\n\t\t\t<\/dt><\/dl><dl class='gallery-item'>\n\t\t\t<dt class='gallery-icon landscape'>\n\t\t\t\t<a href='https:\/\/hansuelivogt.ch\/politik\/wp-content\/uploads\/sites\/2\/2015\/09\/image2-2.jpg'><img loading=\"lazy\" decoding=\"async\" width=\"300\" height=\"225\" src=\"https:\/\/hansuelivogt.ch\/politik\/wp-content\/uploads\/sites\/2\/2015\/09\/image2-2-300x225.jpg\" class=\"attachment-medium size-medium\" alt=\"\" srcset=\"https:\/\/hansuelivogt.ch\/politik\/wp-content\/uploads\/sites\/2\/2015\/09\/image2-2-300x225.jpg 300w, https:\/\/hansuelivogt.ch\/politik\/wp-content\/uploads\/sites\/2\/2015\/09\/image2-2-1024x768.jpg 1024w, https:\/\/hansuelivogt.ch\/politik\/wp-content\/uploads\/sites\/2\/2015\/09\/image2-2.jpg 1280w\" sizes=\"auto, (max-width: 300px) 100vw, 300px\" \/><\/a>\n\t\t\t<\/dt><\/dl><dl class='gallery-item'>\n\t\t\t<dt class='gallery-icon landscape'>\n\t\t\t\t<a href='https:\/\/hansuelivogt.ch\/politik\/wp-content\/uploads\/sites\/2\/2015\/09\/image2.jpg'><img loading=\"lazy\" decoding=\"async\" width=\"300\" height=\"225\" src=\"https:\/\/hansuelivogt.ch\/politik\/wp-content\/uploads\/sites\/2\/2015\/09\/image2-300x225.jpg\" class=\"attachment-medium size-medium\" alt=\"\" srcset=\"https:\/\/hansuelivogt.ch\/politik\/wp-content\/uploads\/sites\/2\/2015\/09\/image2-300x225.jpg 300w, https:\/\/hansuelivogt.ch\/politik\/wp-content\/uploads\/sites\/2\/2015\/09\/image2-1024x768.jpg 1024w, https:\/\/hansuelivogt.ch\/politik\/wp-content\/uploads\/sites\/2\/2015\/09\/image2.jpg 1280w\" sizes=\"auto, (max-width: 300px) 100vw, 300px\" \/><\/a>\n\t\t\t<\/dt><\/dl><br style=\"clear: both\" \/><dl class='gallery-item'>\n\t\t\t<dt class='gallery-icon landscape'>\n\t\t\t\t<a href='https:\/\/hansuelivogt.ch\/politik\/wp-content\/uploads\/sites\/2\/2015\/09\/image3.jpg'><img loading=\"lazy\" decoding=\"async\" width=\"300\" height=\"225\" src=\"https:\/\/hansuelivogt.ch\/politik\/wp-content\/uploads\/sites\/2\/2015\/09\/image3-300x225.jpg\" class=\"attachment-medium size-medium\" alt=\"\" srcset=\"https:\/\/hansuelivogt.ch\/politik\/wp-content\/uploads\/sites\/2\/2015\/09\/image3-300x225.jpg 300w, https:\/\/hansuelivogt.ch\/politik\/wp-content\/uploads\/sites\/2\/2015\/09\/image3-1024x768.jpg 1024w, https:\/\/hansuelivogt.ch\/politik\/wp-content\/uploads\/sites\/2\/2015\/09\/image3.jpg 1280w\" sizes=\"auto, (max-width: 300px) 100vw, 300px\" \/><\/a>\n\t\t\t<\/dt><\/dl>\n\t\t\t<br style='clear: both' \/>\n\t\t<\/div>\n\n<p><strong>Zum SVP-Herbst-Stamm dieses Jahres kam St\u00e4nderatskandidat Prof. Dr. Hans-Ueli Vogt als Referent und zum Kennenlernen nach R\u00fcmlang. In seinem frei gehaltenen Referat wusste der brillante Universit\u00e4tsprofessor f\u00fcr Wirtschaftsrecht die Anwesenden auf die Bedeutung der diesj\u00e4hrigen eidg. Wahlen einzustimmen. Er legte einige Anliegen der SVP dar und l\u00f6ste im Anschluss an seine Ausf\u00fchrungen eine rege Diskussion aus.<\/strong><\/p>\n<p>Zur Frage der Zuwanderung: Wenn j\u00e4hrlich 80 bis 100\u2018000 Menschen einwandern, wird unser Land bald mehr als 10-11 Millionen Einwohner aufweisen. Ursache ist nicht die Einwanderung von Arbeitskr\u00e4ften allein, sondern der folgende Familiennachzug, der nach immer mehr Infrastruktur ruft, wie beispielsweise Schulr\u00e4ume. Der Nachzug macht rund die Zuwanderungs-H\u00e4lfte aus. Kommt ferner dazu, dass ca. 14% der Zuwanderer arbeitslos werden und von unseren sozialen Leistungen zehren, ohne je daran Beitr\u00e4ge geleistet zu haben. In der Abstimmung vom 9. Februar 2014 verlangte die SVP nicht die Zuwanderung zu stoppen, jedoch deren Anzahl selber bestimmen zu k\u00f6nnen. Den Vollzug blockieren nun aber der Bundesrat und alle anderen Parteien.<\/p>\n<p>Zur Ausgabenpolitik von Bund und Kanton: Vogt meint, der zu hohe Mittelbedarf gehe nicht zuletzt auf die st\u00e4ndige Schaffung neuer Stellen und damit zur Ausdehnung des Beamtenapparates zur\u00fcck. Dieser produziert dann laufend Vorschriften und neue Auflagen. Gegensteuer ist zu geben, der Staat soll sich auf seine Kernaufgaben beschr\u00e4nken!<\/p>\n<p>Das Verh\u00e4ltnis zur EU war ein weiteres Thema von brennendem Interesse: Politisch und finanziell ist die EU am Abgrund. Trotzdem plant der Bundesrat einen Vertrag zur Institutionalisierung der Bilateralen. Dies ist unhaltbar und rigoros zu bek\u00e4mpfen. Das Vorgehen k\u00e4me einem schleichenden EU-Beitritt gleich, ohne dass das Volk etwas dazu zu sagen h\u00e4tte.<\/p>\n<p>Darum braucht es mehr SVP-Stimmen in Bern! Die Anwesenden gingen in der \u00dcberzeugung nach Hause, Prof. Dr. Vogt sei einer davon, der dem St\u00e4nderat wohl anstehen wird und die Wahl in diesen Rat vorbehaltlos verdient.<\/p>\n","protected":false},"excerpt":{"rendered":"<p>Zum SVP-Herbst-Stamm dieses Jahres kam St\u00e4nderatskandidat Prof. Dr. Hans-Ueli Vogt als Referent und zum Kennenlernen nach R\u00fcmlang. In seinem frei gehaltenen Referat wusste der brillante Universit\u00e4tsprofessor f\u00fcr Wirtschaftsrecht die Anwesenden auf die Bedeutung der diesj\u00e4hrigen eidg. Wahlen einzustimmen. Er legte einige Anliegen der SVP dar und l\u00f6ste im Anschluss an seine Ausf\u00fchrungen eine rege Diskussion aus.<\/p>\n","protected":false},"author":1,"featured_media":0,"comment_status":"open","ping_status":"open","sticky":false,"template":"","format":"standard","meta":{"_lightning_design_setting":[],"footnotes":""},"categories":[25,23],"tags":[],"class_list":["post-3153","post","type-post","status-publish","format-standard","hentry","category-galerie","category-veranstaltungen"],"_links":{"self":[{"href":"https:\/\/hansuelivogt.ch\/politik\/wp-json\/wp\/v2\/posts\/3153","targetHints":{"allow":["GET"]}}],"collection":[{"href":"https:\/\/hansuelivogt.ch\/politik\/wp-json\/wp\/v2\/posts"}],"about":[{"href":"https:\/\/hansuelivogt.ch\/politik\/wp-json\/wp\/v2\/types\/post"}],"author":[{"embeddable":true,"href":"https:\/\/hansuelivogt.ch\/politik\/wp-json\/wp\/v2\/users\/1"}],"replies":[{"embeddable":true,"href":"https:\/\/hansuelivogt.ch\/politik\/wp-json\/wp\/v2\/comments?post=3153"}],"version-history":[{"count":2,"href":"https:\/\/hansuelivogt.ch\/politik\/wp-json\/wp\/v2\/posts\/3153\/revisions"}],"predecessor-version":[{"id":3217,"href":"https:\/\/hansuelivogt.ch\/politik\/wp-json\/wp\/v2\/posts\/3153\/revisions\/3217"}],"wp:attachment":[{"href":"https:\/\/hansuelivogt.ch\/politik\/wp-json\/wp\/v2\/media?parent=3153"}],"wp:term":[{"taxonomy":"category","embeddable":true,"href":"https:\/\/hansuelivogt.ch\/politik\/wp-json\/wp\/v2\/categories?post=3153"},{"taxonomy":"post_tag","embeddable":true,"href":"https:\/\/hansuelivogt.ch\/politik\/wp-json\/wp\/v2\/tags?post=3153"}],"curies":[{"name":"wp","href":"https:\/\/api.w.org\/{rel}","templated":true}]}}