{"id":3499,"date":"2016-02-10T12:14:22","date_gmt":"2016-02-10T11:14:22","guid":{"rendered":"http:\/\/hansuelivogt.ch\/politik\/?p=3499"},"modified":"2016-02-10T12:23:25","modified_gmt":"2016-02-10T11:23:25","slug":"swissinfo-hans-ueli-vogt-will-in-bern-die-selbstbestimmung-der-schweiz-verteidigen","status":"publish","type":"post","link":"https:\/\/hansuelivogt.ch\/politik\/swissinfo-hans-ueli-vogt-will-in-bern-die-selbstbestimmung-der-schweiz-verteidigen\/","title":{"rendered":"Swissinfo: Hans-Ueli Vogt will in Bern die Selbstbestimmung der Schweiz verteidigen"},"content":{"rendered":"<p><a href=\"https:\/\/hansuelivogt.ch\/politik\/wp-content\/uploads\/sites\/2\/2016\/02\/2016-02-09-swissinfo-ch.pdf\" rel=\"attachment wp-att-3505\"><img loading=\"lazy\" decoding=\"async\" class=\"alignnone size-medium wp-image-3505\" src=\"https:\/\/hansuelivogt.ch\/politik\/wp-content\/uploads\/sites\/2\/2016\/02\/swissinfo-300x77.jpg\" alt=\"swissinfo\" width=\"300\" height=\"77\" srcset=\"https:\/\/hansuelivogt.ch\/politik\/wp-content\/uploads\/sites\/2\/2016\/02\/swissinfo-300x77.jpg 300w, https:\/\/hansuelivogt.ch\/politik\/wp-content\/uploads\/sites\/2\/2016\/02\/swissinfo.jpg 524w\" sizes=\"auto, (max-width: 300px) 100vw, 300px\" \/><\/a><\/p>\n<p><a href=\"https:\/\/hansuelivogt.ch\/politik\/wp-content\/uploads\/sites\/2\/2016\/02\/2016-02-09-swissinfo-ch.pdf\" rel=\"\">Artikel (PDF)<\/a><\/p>\n<p>Rechtsprofessor und Kosmopolit in einer Partei, die h\u00e4ufig Akademikerkreise attackiert und gegen die \u00d6ffnung der Schweizer gegen\u00fcber dem Ausland k\u00e4mpft: F\u00fcr die einen ist Hans-Ueli Vogt ein Exot innerhalb der rechtskonservativen Schweizerischen Volkspartei (SVP), f\u00fcr andere der Vertreter einer neuen Politiker-Generation des rechten Lagers.<\/p>\n<p><a href=\"http:\/\/www.swissinfo.ch\/ger\/neo-nationalrat-der-svp_hans-ueli-vogt-will-in-bern-die-selbstbestimmung-der-schweiz-verteidigen\/41947114\" target=\"_blank\">www.swissinfo.ch\/ger\/neo-nationalrat-der-svp_hans-ueli-vogt-will-in-bern-die-selbstbestimmung-der-schweiz-verteidigen\/41947114<\/a><\/p>\n","protected":false},"excerpt":{"rendered":"<p>Rechtsprofessor und Kosmopolit in einer Partei, die h\u00e4ufig Akademikerkreise attackiert und gegen die \u00d6ffnung der Schweizer gegen\u00fcber dem Ausland k\u00e4mpft: F\u00fcr die einen ist Hans-Ueli Vogt ein Exot innerhalb der rechtskonservativen Schweizerischen Volkspartei (SVP), f\u00fcr andere der Vertreter einer neuen Politiker-Generation des rechten Lagers.<\/p>\n","protected":false},"author":1,"featured_media":0,"comment_status":"open","ping_status":"open","sticky":false,"template":"","format":"standard","meta":{"_lightning_design_setting":[],"footnotes":""},"categories":[24],"tags":[],"class_list":["post-3499","post","type-post","status-publish","format-standard","hentry","category-medien"],"_links":{"self":[{"href":"https:\/\/hansuelivogt.ch\/politik\/wp-json\/wp\/v2\/posts\/3499","targetHints":{"allow":["GET"]}}],"collection":[{"href":"https:\/\/hansuelivogt.ch\/politik\/wp-json\/wp\/v2\/posts"}],"about":[{"href":"https:\/\/hansuelivogt.ch\/politik\/wp-json\/wp\/v2\/types\/post"}],"author":[{"embeddable":true,"href":"https:\/\/hansuelivogt.ch\/politik\/wp-json\/wp\/v2\/users\/1"}],"replies":[{"embeddable":true,"href":"https:\/\/hansuelivogt.ch\/politik\/wp-json\/wp\/v2\/comments?post=3499"}],"version-history":[{"count":5,"href":"https:\/\/hansuelivogt.ch\/politik\/wp-json\/wp\/v2\/posts\/3499\/revisions"}],"predecessor-version":[{"id":3507,"href":"https:\/\/hansuelivogt.ch\/politik\/wp-json\/wp\/v2\/posts\/3499\/revisions\/3507"}],"wp:attachment":[{"href":"https:\/\/hansuelivogt.ch\/politik\/wp-json\/wp\/v2\/media?parent=3499"}],"wp:term":[{"taxonomy":"category","embeddable":true,"href":"https:\/\/hansuelivogt.ch\/politik\/wp-json\/wp\/v2\/categories?post=3499"},{"taxonomy":"post_tag","embeddable":true,"href":"https:\/\/hansuelivogt.ch\/politik\/wp-json\/wp\/v2\/tags?post=3499"}],"curies":[{"name":"wp","href":"https:\/\/api.w.org\/{rel}","templated":true}]}}