{"id":3578,"date":"2016-06-06T22:41:13","date_gmt":"2016-06-06T20:41:13","guid":{"rendered":"http:\/\/hansuelivogt.ch\/politik\/?p=3578"},"modified":"2016-06-08T09:41:56","modified_gmt":"2016-06-08T07:41:56","slug":"20min-fuer-jedes-neue-gesetz-ein-altes-loeschen","status":"publish","type":"post","link":"https:\/\/hansuelivogt.ch\/politik\/20min-fuer-jedes-neue-gesetz-ein-altes-loeschen\/","title":{"rendered":"20min: \u00abF\u00fcr jedes neue Gesetz ein altes l\u00f6schen\u00bb"},"content":{"rendered":"<p>Hans-Ueli Vogt will die Flut neuer Gesetze mit drastischen Mitteln stoppen. Im linken Lager sorgen seine Vorschl\u00e4ge f\u00fcr Kopfsch\u00fctteln.<\/p>\n<p><a href=\"http:\/\/www.20min.ch\/schweiz\/news\/story\/-Fuer-jedes-neue-Gesetz-ein-altes-loeschen--26592947\" target=\"_blank\">Zum Artikel<\/a><\/p>\n","protected":false},"excerpt":{"rendered":"<p>Hans-Ueli Vogt will die Flut neuer Gesetze mit drastischen Mitteln stoppen. Im linken Lager sorgen seine Vorschl\u00e4ge f\u00fcr Kopfsch\u00fctteln. Zum Artikel<\/p>\n","protected":false},"author":1,"featured_media":0,"comment_status":"open","ping_status":"open","sticky":false,"template":"","format":"standard","meta":{"_lightning_design_setting":[],"footnotes":""},"categories":[24],"tags":[],"class_list":["post-3578","post","type-post","status-publish","format-standard","hentry","category-medien"],"_links":{"self":[{"href":"https:\/\/hansuelivogt.ch\/politik\/wp-json\/wp\/v2\/posts\/3578","targetHints":{"allow":["GET"]}}],"collection":[{"href":"https:\/\/hansuelivogt.ch\/politik\/wp-json\/wp\/v2\/posts"}],"about":[{"href":"https:\/\/hansuelivogt.ch\/politik\/wp-json\/wp\/v2\/types\/post"}],"author":[{"embeddable":true,"href":"https:\/\/hansuelivogt.ch\/politik\/wp-json\/wp\/v2\/users\/1"}],"replies":[{"embeddable":true,"href":"https:\/\/hansuelivogt.ch\/politik\/wp-json\/wp\/v2\/comments?post=3578"}],"version-history":[{"count":1,"href":"https:\/\/hansuelivogt.ch\/politik\/wp-json\/wp\/v2\/posts\/3578\/revisions"}],"predecessor-version":[{"id":3579,"href":"https:\/\/hansuelivogt.ch\/politik\/wp-json\/wp\/v2\/posts\/3578\/revisions\/3579"}],"wp:attachment":[{"href":"https:\/\/hansuelivogt.ch\/politik\/wp-json\/wp\/v2\/media?parent=3578"}],"wp:term":[{"taxonomy":"category","embeddable":true,"href":"https:\/\/hansuelivogt.ch\/politik\/wp-json\/wp\/v2\/categories?post=3578"},{"taxonomy":"post_tag","embeddable":true,"href":"https:\/\/hansuelivogt.ch\/politik\/wp-json\/wp\/v2\/tags?post=3578"}],"curies":[{"name":"wp","href":"https:\/\/api.w.org\/{rel}","templated":true}]}}