{"id":3589,"date":"2016-06-16T22:58:00","date_gmt":"2016-06-16T20:58:00","guid":{"rendered":"http:\/\/hansuelivogt.ch\/politik\/?p=3589"},"modified":"2016-06-17T08:00:55","modified_gmt":"2016-06-17T06:00:55","slug":"votum-im-nationalrat-staerkung-der-sicherheit-wiedereinfuehrung-und-verstaerkung-der-grenzkontrollen","status":"publish","type":"post","link":"https:\/\/hansuelivogt.ch\/politik\/votum-im-nationalrat-staerkung-der-sicherheit-wiedereinfuehrung-und-verstaerkung-der-grenzkontrollen\/","title":{"rendered":"Votum im Nationalrat: St\u00e4rkung der Sicherheit. Wiedereinf\u00fchrung und Verst\u00e4rkung der Grenzkontrollen"},"content":{"rendered":"<p>Parlamentarische Initiative von Reimann Lukas: St\u00e4rkung der Sicherheit. Wiedereinf\u00fchrung und Verst\u00e4rkung der Grenzkontrollen<\/p>\n<p>Antwort von Hans-Ueli Vogt auf Votum von FDP-Nationalrat Walter M\u00fcller:<\/p>\n<p><em>Herr Udo di Fabio, ein fr\u00fcherer Richter am deutschen Bundesverfassungsgericht, sagte w\u00f6rtlich: &#8222;Die Verfassung setzt die Beherrschbarkeit der Staatsgrenzen und die Kontrolle \u00fcber die auf dem Staatsgebiet befindlichen Personen voraus.&#8220; Nur dies sei mit dem Konzept eines souver\u00e4nen Staates zu vereinbaren. Herr Kollege M\u00fcller Walter, wie k\u00f6nnen Sie sagen, die Schweiz sei ein souver\u00e4ner Staat, wenn Sie dieser parlamentarischen Initiative keine Folge geben &#8211; angesichts dieser Aussage eines deutschen Verfassungsrichters?<\/em><\/p>\n<p><iframe loading=\"lazy\" src=\"https:\/\/par-pcache.simplex.tv\/content?externalid=201982&amp;themeColor=AA9E72\" width=\"768\" height=\"432\" frameborder=\"0\" scrolling=\"no\" allowfullscreen=\"allowfullscreen\"><\/iframe><\/p>\n<p><a href=\"https:\/\/www.parlament.ch\/de\/ratsbetrieb\/amtliches-bulletin\/amtliches-bulletin-die-verhandlungen?SubjectId=37609#votum18\" target=\"_blank\">Zum Votum \/ Diskussion<\/a><\/p>\n","protected":false},"excerpt":{"rendered":"<p>Parlamentarische Initiative von Reimann Lukas: St\u00e4rkung der Sicherheit. Wiedereinf\u00fchrung und Verst\u00e4rkung der Grenzkontrollen Antwort von Hans-Ueli Vogt auf Votum von FDP-Nationalrat Walter M\u00fcller: Herr Udo di Fabio, ein fr\u00fcherer Richter am deutschen Bundesverfassungsgericht, sagte w\u00f6rtlich: &#8222;Die Verfassung setzt die Beherrschbarkeit der Staatsgrenzen und die Kontrolle \u00fcber die auf dem Staatsgebiet befindlichen Personen voraus.&#8220; Nur dies [&hellip;]<\/p>\n","protected":false},"author":1,"featured_media":0,"comment_status":"open","ping_status":"open","sticky":false,"template":"","format":"standard","meta":{"_lightning_design_setting":[],"footnotes":""},"categories":[27,28],"tags":[],"class_list":["post-3589","post","type-post","status-publish","format-standard","hentry","category-nationalrat","category-votum"],"_links":{"self":[{"href":"https:\/\/hansuelivogt.ch\/politik\/wp-json\/wp\/v2\/posts\/3589","targetHints":{"allow":["GET"]}}],"collection":[{"href":"https:\/\/hansuelivogt.ch\/politik\/wp-json\/wp\/v2\/posts"}],"about":[{"href":"https:\/\/hansuelivogt.ch\/politik\/wp-json\/wp\/v2\/types\/post"}],"author":[{"embeddable":true,"href":"https:\/\/hansuelivogt.ch\/politik\/wp-json\/wp\/v2\/users\/1"}],"replies":[{"embeddable":true,"href":"https:\/\/hansuelivogt.ch\/politik\/wp-json\/wp\/v2\/comments?post=3589"}],"version-history":[{"count":2,"href":"https:\/\/hansuelivogt.ch\/politik\/wp-json\/wp\/v2\/posts\/3589\/revisions"}],"predecessor-version":[{"id":3591,"href":"https:\/\/hansuelivogt.ch\/politik\/wp-json\/wp\/v2\/posts\/3589\/revisions\/3591"}],"wp:attachment":[{"href":"https:\/\/hansuelivogt.ch\/politik\/wp-json\/wp\/v2\/media?parent=3589"}],"wp:term":[{"taxonomy":"category","embeddable":true,"href":"https:\/\/hansuelivogt.ch\/politik\/wp-json\/wp\/v2\/categories?post=3589"},{"taxonomy":"post_tag","embeddable":true,"href":"https:\/\/hansuelivogt.ch\/politik\/wp-json\/wp\/v2\/tags?post=3589"}],"curies":[{"name":"wp","href":"https:\/\/api.w.org\/{rel}","templated":true}]}}