{"id":3750,"date":"2017-09-26T22:12:53","date_gmt":"2017-09-26T20:12:53","guid":{"rendered":"https:\/\/hansuelivogt.ch\/politik\/?p=3750"},"modified":"2017-09-28T07:14:18","modified_gmt":"2017-09-28T05:14:18","slug":"votum-im-nationalrat-fair-food-initiative","status":"publish","type":"post","link":"https:\/\/hansuelivogt.ch\/politik\/votum-im-nationalrat-fair-food-initiative\/","title":{"rendered":"Votum im Nationalrat: Fair-Food-Initiative"},"content":{"rendered":"<p>Diese Initiative widerspricht gem\u00e4ss der bundesr\u00e4tlichen Botschaft mit grosser Wahrscheinlichkeit dem WTO-Abkommen, sie widerspricht den Freihandelsabkommen sowie den bilateralen Vertr\u00e4gen. Nun hat dieses Parlament beschlossen, dass es vom Volk angenommene Volksinitiativen, die den bilateralen Vertr\u00e4gen widersprechen, nicht umsetzen will. Sind Sie damit einverstanden, dass diese Volksinitiative, wenn sie angenommen w\u00fcrde, nicht umzusetzen w\u00e4re?<\/p>\n<p><a href=\"https:\/\/www.parlament.ch\/de\/ratsbetrieb\/amtliches-bulletin\/amtliches-bulletin-die-verhandlungen?SubjectId=41077#votum40\" target=\"_blank\" rel=\"noopener\">Zur ganzen Debatte<\/a><\/p>\n<p><iframe loading=\"lazy\" src=\"https:\/\/par-pcache.simplex.tv\/content?externalid=220557&amp;themeColor=AA9E72\" width=\"768\" height=\"432\" frameborder=\"0\" scrolling=\"no\" allowfullscreen=\"allowfullscreen\"><\/iframe><\/p>\n","protected":false},"excerpt":{"rendered":"<p>Diese Initiative widerspricht gem\u00e4ss der bundesr\u00e4tlichen Botschaft mit grosser Wahrscheinlichkeit dem WTO-Abkommen, sie widerspricht den Freihandelsabkommen sowie den bilateralen Vertr\u00e4gen. Nun hat dieses Parlament beschlossen, dass es vom Volk angenommene Volksinitiativen, die den bilateralen Vertr\u00e4gen widersprechen, nicht umsetzen will. Sind Sie damit einverstanden, dass diese Volksinitiative, wenn sie angenommen w\u00fcrde, nicht umzusetzen w\u00e4re? Zur ganzen [&hellip;]<\/p>\n","protected":false},"author":1,"featured_media":0,"comment_status":"open","ping_status":"open","sticky":false,"template":"","format":"standard","meta":{"_lightning_design_setting":[],"footnotes":""},"categories":[27,28],"tags":[],"class_list":["post-3750","post","type-post","status-publish","format-standard","hentry","category-nationalrat","category-votum"],"_links":{"self":[{"href":"https:\/\/hansuelivogt.ch\/politik\/wp-json\/wp\/v2\/posts\/3750","targetHints":{"allow":["GET"]}}],"collection":[{"href":"https:\/\/hansuelivogt.ch\/politik\/wp-json\/wp\/v2\/posts"}],"about":[{"href":"https:\/\/hansuelivogt.ch\/politik\/wp-json\/wp\/v2\/types\/post"}],"author":[{"embeddable":true,"href":"https:\/\/hansuelivogt.ch\/politik\/wp-json\/wp\/v2\/users\/1"}],"replies":[{"embeddable":true,"href":"https:\/\/hansuelivogt.ch\/politik\/wp-json\/wp\/v2\/comments?post=3750"}],"version-history":[{"count":1,"href":"https:\/\/hansuelivogt.ch\/politik\/wp-json\/wp\/v2\/posts\/3750\/revisions"}],"predecessor-version":[{"id":3751,"href":"https:\/\/hansuelivogt.ch\/politik\/wp-json\/wp\/v2\/posts\/3750\/revisions\/3751"}],"wp:attachment":[{"href":"https:\/\/hansuelivogt.ch\/politik\/wp-json\/wp\/v2\/media?parent=3750"}],"wp:term":[{"taxonomy":"category","embeddable":true,"href":"https:\/\/hansuelivogt.ch\/politik\/wp-json\/wp\/v2\/categories?post=3750"},{"taxonomy":"post_tag","embeddable":true,"href":"https:\/\/hansuelivogt.ch\/politik\/wp-json\/wp\/v2\/tags?post=3750"}],"curies":[{"name":"wp","href":"https:\/\/api.w.org\/{rel}","templated":true}]}}