{"id":3826,"date":"2020-10-28T19:00:59","date_gmt":"2020-10-28T18:00:59","guid":{"rendered":"https:\/\/hansuelivogt.ch\/politik\/?p=3826"},"modified":"2020-10-28T19:00:59","modified_gmt":"2020-10-28T18:00:59","slug":"republik-die-chancen-der-initiative-stehen-gut","status":"publish","type":"post","link":"https:\/\/hansuelivogt.ch\/politik\/republik-die-chancen-der-initiative-stehen-gut\/","title":{"rendered":"Republik: \u00abDie Chancen der Initiative stehen gut\u00bb"},"content":{"rendered":"<p>SVP-Nationalrat Hans-Ueli Vogt lehnt die Konzern-Initiative ab, aber wird er Nein stimmen? Ein Gespr\u00e4ch \u00fcber den missratenen Gegenvorschlag, die Sturheit der SVP, \u00fcberforderte Parlamentarier und seinen absehbaren R\u00fcckzug aus der Politik.<\/p>\n<p><a href=\"https:\/\/hansuelivogt.ch\/wp-content\/uploads\/2020\/10\/201027-Republik-\u2013-Interview-Vogt.pdf\">Ganzer Artikel lesen<\/a><\/p>\n","protected":false},"excerpt":{"rendered":"<p>SVP-Nationalrat Hans-Ueli Vogt lehnt die Konzern-Initiative ab, aber wird er Nein stimmen? Ein Gespr\u00e4ch \u00fcber den missratenen Gegenvorschlag, die Sturheit der SVP, \u00fcberforderte Parlamentarier und seinen absehbaren R\u00fcckzug aus der Politik. Ganzer Artikel lesen<\/p>\n","protected":false},"author":5,"featured_media":0,"comment_status":"open","ping_status":"open","sticky":false,"template":"","format":"standard","meta":{"_lightning_design_setting":[],"footnotes":""},"categories":[1],"tags":[],"class_list":["post-3826","post","type-post","status-publish","format-standard","hentry","category-allgemein"],"_links":{"self":[{"href":"https:\/\/hansuelivogt.ch\/politik\/wp-json\/wp\/v2\/posts\/3826","targetHints":{"allow":["GET"]}}],"collection":[{"href":"https:\/\/hansuelivogt.ch\/politik\/wp-json\/wp\/v2\/posts"}],"about":[{"href":"https:\/\/hansuelivogt.ch\/politik\/wp-json\/wp\/v2\/types\/post"}],"author":[{"embeddable":true,"href":"https:\/\/hansuelivogt.ch\/politik\/wp-json\/wp\/v2\/users\/5"}],"replies":[{"embeddable":true,"href":"https:\/\/hansuelivogt.ch\/politik\/wp-json\/wp\/v2\/comments?post=3826"}],"version-history":[{"count":1,"href":"https:\/\/hansuelivogt.ch\/politik\/wp-json\/wp\/v2\/posts\/3826\/revisions"}],"predecessor-version":[{"id":3827,"href":"https:\/\/hansuelivogt.ch\/politik\/wp-json\/wp\/v2\/posts\/3826\/revisions\/3827"}],"wp:attachment":[{"href":"https:\/\/hansuelivogt.ch\/politik\/wp-json\/wp\/v2\/media?parent=3826"}],"wp:term":[{"taxonomy":"category","embeddable":true,"href":"https:\/\/hansuelivogt.ch\/politik\/wp-json\/wp\/v2\/categories?post=3826"},{"taxonomy":"post_tag","embeddable":true,"href":"https:\/\/hansuelivogt.ch\/politik\/wp-json\/wp\/v2\/tags?post=3826"}],"curies":[{"name":"wp","href":"https:\/\/api.w.org\/{rel}","templated":true}]}}